{"id":627,"date":"2018-10-03T01:41:21","date_gmt":"2018-10-02T23:41:21","guid":{"rendered":"https:\/\/erzgebirge.linksjugend-sachsen.de\/?p=627"},"modified":"2022-07-13T21:18:30","modified_gmt":"2022-07-13T19:18:30","slug":"remember-remember-the-9th-of-november","status":"publish","type":"post","link":"https:\/\/erzgebirge.linksjugend-sachsen.de\/index.php\/2018\/10\/03\/remember-remember-the-9th-of-november\/","title":{"rendered":"Remember, remember, the 9th of november!"},"content":{"rendered":"<p>Aktionswoche gegen Antisemitismus<\/p>\n<p>Am Abend des 09. November 1938 erreichte der Antisemitismus in Deutschland seinen vorl\u00e4ufigen \u201eH\u00f6hepunkt\u201c. In Annaberg-Buchholz verw\u00fcsteten die Faschist*innen mehrere j\u00fcdische Gesch\u00e4fte, sowie die Synagoge in der Buchholzer Stra\u00dfe. Der Friedhof der \u201eIsraelitischen Relegionsgemeinde\u201c wurde gesch\u00e4ndet, verw\u00fcstet und am Morgen des 10. November auch die zugeh\u00f6rige Feierhalle gesprengt. Doch damit nicht genug &#8211; Mehrere j\u00fcdische B\u00fcrger*Innen wurden von der GeStaPo verhaftet, verh\u00f6rt und zum Teil deportiert.<\/p>\n<p>Gewaltt\u00e4tige \u00dcbergriffe, Arbeitsverbote, die Kennzeichnungspflicht mit einem gelben Stern und viele weitere Repressalien mussten J\u00fcdinnen und Juden jahrelang erdulden, bis sie letztendlich in verschiedene Vernichtungslager deportiert wurden. Sch\u00e4tzungen zufolge sollen auch mindestens 14 j\u00fcdische Menschen aus Annaberg-Buchholz in Lagern umgekommen sein. Somit wurde die gesamte j\u00fcdische Gemeinschaft verdr\u00e4ngt oder vernichtet. Nur wenige Orte weisen heute noch auf das Schicksal der Annaberger J\u00fcdinnen und Juden hin.<\/p>\n<p>Anl\u00e4sslich des 80. Jahrestages der Reichpogromnacht m\u00f6chten wir &#8211; verschiedene demokratische Akteure in und um Annaberg &#8211; zu einer Aktionswoche einladen. Fast t\u00e4glich erwartet Euch eine Auseinandersetzung mit den Anf\u00e4ngen und Folgen der Shoa. Abschluss bildet der traditionelle Mahngang.<\/p>\n<p>Genauere Infos findet ihr hier: <a href=\"https:\/\/www.facebook.com\/events\/2073778729351061\" target=\"_blank\" rel=\"noopener noreferrer\">https:\/\/www.facebook.com\/events\/2073778729351061<\/a><\/p>\n<p><a href=\"https:\/\/www.facebook.com\/events\/2073778729351061\" target=\"_blank\" rel=\"noopener noreferrer\"><img loading=\"lazy\" decoding=\"async\" class=\"aligncenter wp-image-646 size-full\" src=\"https:\/\/erzgebirge.linksjugend-sachsen.de\/wp-content\/uploads\/2018\/10\/AktionswocheFlyer.jpg\" alt=\"\" width=\"905\" height=\"1280\" srcset=\"https:\/\/erzgebirge.linksjugend-sachsen.de\/wp-content\/uploads\/2018\/10\/AktionswocheFlyer.jpg 905w, https:\/\/erzgebirge.linksjugend-sachsen.de\/wp-content\/uploads\/2018\/10\/AktionswocheFlyer-212x300.jpg 212w, https:\/\/erzgebirge.linksjugend-sachsen.de\/wp-content\/uploads\/2018\/10\/AktionswocheFlyer-768x1086.jpg 768w, https:\/\/erzgebirge.linksjugend-sachsen.de\/wp-content\/uploads\/2018\/10\/AktionswocheFlyer-724x1024.jpg 724w, https:\/\/erzgebirge.linksjugend-sachsen.de\/wp-content\/uploads\/2018\/10\/AktionswocheFlyer-552x781.jpg 552w\" sizes=\"auto, (max-width: 905px) 100vw, 905px\" \/><\/a><\/p>\n","protected":false},"excerpt":{"rendered":"<p class=\"post-excerpt\">Aktionswoche gegen Antisemitismus Am Abend des 09. November 1938 erreichte der Antisemitismus in Deutschland seinen vorl\u00e4ufigen \u201eH\u00f6hepunkt\u201c. In Annaberg-Buchholz verw\u00fcsteten&#8230;<\/p>\n","protected":false},"author":9,"featured_media":628,"comment_status":"open","ping_status":"open","sticky":false,"template":"","format":"standard","meta":{"footnotes":""},"categories":[1],"tags":[21,17,20],"class_list":["post-627","post","type-post","status-publish","format-standard","has-post-thumbnail","hentry","category-allgemein","tag-9-november","tag-erzgebirge","tag-shoa"],"_links":{"self":[{"href":"https:\/\/erzgebirge.linksjugend-sachsen.de\/index.php\/wp-json\/wp\/v2\/posts\/627","targetHints":{"allow":["GET"]}}],"collection":[{"href":"https:\/\/erzgebirge.linksjugend-sachsen.de\/index.php\/wp-json\/wp\/v2\/posts"}],"about":[{"href":"https:\/\/erzgebirge.linksjugend-sachsen.de\/index.php\/wp-json\/wp\/v2\/types\/post"}],"author":[{"embeddable":true,"href":"https:\/\/erzgebirge.linksjugend-sachsen.de\/index.php\/wp-json\/wp\/v2\/users\/9"}],"replies":[{"embeddable":true,"href":"https:\/\/erzgebirge.linksjugend-sachsen.de\/index.php\/wp-json\/wp\/v2\/comments?post=627"}],"version-history":[{"count":4,"href":"https:\/\/erzgebirge.linksjugend-sachsen.de\/index.php\/wp-json\/wp\/v2\/posts\/627\/revisions"}],"predecessor-version":[{"id":722,"href":"https:\/\/erzgebirge.linksjugend-sachsen.de\/index.php\/wp-json\/wp\/v2\/posts\/627\/revisions\/722"}],"wp:featuredmedia":[{"embeddable":true,"href":"https:\/\/erzgebirge.linksjugend-sachsen.de\/index.php\/wp-json\/wp\/v2\/media\/628"}],"wp:attachment":[{"href":"https:\/\/erzgebirge.linksjugend-sachsen.de\/index.php\/wp-json\/wp\/v2\/media?parent=627"}],"wp:term":[{"taxonomy":"category","embeddable":true,"href":"https:\/\/erzgebirge.linksjugend-sachsen.de\/index.php\/wp-json\/wp\/v2\/categories?post=627"},{"taxonomy":"post_tag","embeddable":true,"href":"https:\/\/erzgebirge.linksjugend-sachsen.de\/index.php\/wp-json\/wp\/v2\/tags?post=627"}],"curies":[{"name":"wp","href":"https:\/\/api.w.org\/{rel}","templated":true}]}}